{"id":217,"date":"2026-03-04T10:59:12","date_gmt":"2026-03-04T07:59:12","guid":{"rendered":"http:\/\/localhost\/medyasal\/?p=217"},"modified":"2026-03-04T10:59:18","modified_gmt":"2026-03-04T07:59:18","slug":"rtuk-ve-btkdan-yeni-adimlar","status":"publish","type":"post","link":"https:\/\/demo.vianecraft.com\/x\/rtuk-ve-btkdan-yeni-adimlar\/217\/","title":{"rendered":"RT\u00dcK ve BTK\u2019dan yeni ad\u0131mlar"},"content":{"rendered":"\n<p>TBMM Su\u00e7a S\u00fcr\u00fcklenen \u00c7ocuklara \u0130li\u015fkin Ara\u015ft\u0131rma Komisyonu, M\u00fc\u015ferref Pervin Tuba Durgut ba\u015fkanl\u0131\u011f\u0131nda topland\u0131. Komisyon toplant\u0131s\u0131nda, Radyo ve Televizyon \u00dcst Kurulu Ba\u015fkan\u0131 Mehmet Dani\u015f, RT\u00dcK\u2019\u00fcn \u00e7ocuklara y\u00f6nelik faaliyetlerini sunarak medya okuryazarl\u0131\u011f\u0131 \u00e7al\u0131\u015fmalar\u0131n\u0131 anlatt\u0131.<\/p>\n\n\n\n<p>TBMM&#8217;nin resmi internet sitesinde yer alan habere g\u00f6re RT\u00dcK Ba\u015fkan\u0131 Mehmet Dani\u015f, g\u00f6rsel medyada su\u00e7 karakterlerinin rol model olarak g\u00f6sterilmesinin risklerine dikkat \u00e7ekerek, \u201c\u00c7ocuklar\u0131n g\u00fcvenli bir medya ortam\u0131nda b\u00fcy\u00fcmesi kamu kurumlar\u0131n\u0131n, yay\u0131nc\u0131lar\u0131n, ailelerin ve toplumun ortak sorumlulu\u011fudur\u201d dedi. RT\u00dcK olarak hem d\u00fczenleyici hem rehberlik rol\u00fcn\u00fc s\u00fcrd\u00fcrmeye devam ettiklerini belirtti.<\/p>\n\n\n\n<h2 class=\"wp-block-heading\"><strong>MEDYA VE SOSYAL MEDYA KULLANIMI<\/strong><\/h2>\n\n\n\n<p>RT\u00dcK Ba\u015fkan Yard\u0131mc\u0131s\u0131 Deniz G\u00fcler, \u201cGen\u00e7lerin Medya Kullan\u0131m\u0131 ve Dijital Okuryazarl\u0131k Ara\u015ft\u0131rmas\u0131\u201d sonu\u00e7lar\u0131n\u0131 payla\u015ft\u0131. 26 ilde 15-21 ya\u015f aras\u0131 7 bin 511 gen\u00e7le yap\u0131lan ara\u015ft\u0131rmada, sosyal medya kullan\u0131m\u0131n\u0131n g\u00fcnde yakla\u015f\u0131k 3,5 saat oldu\u011fu belirlendi.<\/p>\n\n\n\n<p>G\u00fcler, gen\u00e7lerin yakla\u015f\u0131k y\u00fczde 90\u2019\u0131n\u0131n sosyal medya hesab\u0131 oldu\u011funu, ailelerin bilmedi\u011fi hesaplar\u0131 olan gen\u00e7lerin oran\u0131n\u0131n y\u00fczde 82 oldu\u011funu vurgulad\u0131. Ara\u015ft\u0131rmaya kat\u0131lan gen\u00e7lerin y\u00fczde 88\u2019i sosyal medyada ya\u015f s\u0131n\u0131r\u0131 getirilmesini istiyor.<\/p>\n\n\n\n<p>Yay\u0131nc\u0131lara y\u00f6nelik etik rehber haz\u0131rl\u0131klar\u0131, yapay zek\u00e2 ile platform denetimi ve ak\u0131ll\u0131 i\u015faretlerin g\u00fcncellenmesi \u00e7al\u0131\u015fmalar\u0131na da de\u011finen G\u00fcler, \u00e7ocuklara y\u00f6nelik taciz, istismar ve hassas konularda kararl\u0131 duru\u015flar\u0131n\u0131 s\u00fcrd\u00fcrd\u00fcklerini aktard\u0131. Televizyon yay\u0131nlar\u0131nda \u015fiddeti \u00f6l\u00e7mek amac\u0131yla yeni \u00e7al\u0131\u015fmalar\u0131n ba\u015flat\u0131ld\u0131\u011f\u0131n\u0131 da bildirdi.<\/p>\n\n\n\n<h2 class=\"wp-block-heading\"><strong>\u0130NTERNETTE G\u00dcVENL\u0130K VE FARKINDALIK<\/strong><\/h2>\n\n\n\n<p>Bilgi Teknolojileri ve \u0130leti\u015fim Kurumu Ba\u015fkan Yard\u0131mc\u0131s\u0131 Abdulkerim G\u00fcn, g\u00fcvenli ve bilin\u00e7li internet kullan\u0131m\u0131n\u0131 yayg\u0131nla\u015ft\u0131rma \u00e7al\u0131\u015fmalar\u0131n\u0131 anlatt\u0131.<\/p>\n\n\n\n<p>G\u00fcn, G\u00fcvenli \u0130nternet Merkezi ve \u0130nternet Bilgi \u0130hbar Merkezi\u2019nin \u00e7ocuklar\u0131n cinsel istismar\u0131 ile m\u00fccadelede etkin rol \u00fcstlendi\u011fini belirtti. 2011\u2019den itibaren uygulanan \u201cG\u00fcvenli \u0130nternet\u201d program\u0131n\u0131n ailelere \u00e7ocuklar\u0131n\u0131 zararl\u0131 i\u00e7eriklerden koruma imk\u00e2n\u0131 sa\u011flad\u0131\u011f\u0131n\u0131 aktard\u0131.<\/p>\n\n\n\n<p>G\u00fcn ayr\u0131ca, siber zorbal\u0131k, dijital \u015fiddet ve dijital mahremiyet konular\u0131nda rehberler haz\u0131rlad\u0131klar\u0131n\u0131 ve \u201c\u00c7ocuklar\u0131n Korunmas\u0131na Y\u00f6nelik \u00c7evrimi\u00e7i G\u00fcvenlik Stratejisi\u201dni 2025-2028 d\u00f6nemini kapsayacak \u015fekilde g\u00fcncellediklerini ifade etti. T\u00fcm faaliyetlerin strateji belgesi hedefleri do\u011frultusunda planland\u0131\u011f\u0131 ve hayata ge\u00e7irildi\u011fi belirtildi.<\/p>\n","protected":false},"excerpt":{"rendered":"<p>TBMM Su\u00e7a S\u00fcr\u00fcklenen \u00c7ocuklara \u0130li\u015fkin Ara\u015ft\u0131rma Komisyonu\u2019nda sunum yapan RT\u00dcK ve BTK yetkilileri, \u00e7ocuklar\u0131n medya ve internet kullan\u0131m\u0131nda g\u00fcvenli\u011fin art\u0131r\u0131lmas\u0131 i\u00e7in yap\u0131lan \u00e7al\u0131\u015fmalar ve al\u0131nan \u00f6nlemleri a\u00e7\u0131klad\u0131.<\/p>\n","protected":false},"author":1,"featured_media":218,"comment_status":"open","ping_status":"open","sticky":false,"template":"","format":"standard","meta":{"footnotes":""},"categories":[1],"tags":[34,33],"class_list":["post-217","post","type-post","status-publish","format-standard","has-post-thumbnail","hentry","category-gundem","tag-btk","tag-rtuk"],"_links":{"self":[{"href":"https:\/\/demo.vianecraft.com\/x\/wp-json\/wp\/v2\/posts\/217","targetHints":{"allow":["GET"]}}],"collection":[{"href":"https:\/\/demo.vianecraft.com\/x\/wp-json\/wp\/v2\/posts"}],"about":[{"href":"https:\/\/demo.vianecraft.com\/x\/wp-json\/wp\/v2\/types\/post"}],"author":[{"embeddable":true,"href":"https:\/\/demo.vianecraft.com\/x\/wp-json\/wp\/v2\/users\/1"}],"replies":[{"embeddable":true,"href":"https:\/\/demo.vianecraft.com\/x\/wp-json\/wp\/v2\/comments?post=217"}],"version-history":[{"count":1,"href":"https:\/\/demo.vianecraft.com\/x\/wp-json\/wp\/v2\/posts\/217\/revisions"}],"predecessor-version":[{"id":219,"href":"https:\/\/demo.vianecraft.com\/x\/wp-json\/wp\/v2\/posts\/217\/revisions\/219"}],"wp:featuredmedia":[{"embeddable":true,"href":"https:\/\/demo.vianecraft.com\/x\/wp-json\/wp\/v2\/media\/218"}],"wp:attachment":[{"href":"https:\/\/demo.vianecraft.com\/x\/wp-json\/wp\/v2\/media?parent=217"}],"wp:term":[{"taxonomy":"category","embeddable":true,"href":"https:\/\/demo.vianecraft.com\/x\/wp-json\/wp\/v2\/categories?post=217"},{"taxonomy":"post_tag","embeddable":true,"href":"https:\/\/demo.vianecraft.com\/x\/wp-json\/wp\/v2\/tags?post=217"}],"curies":[{"name":"wp","href":"https:\/\/api.w.org\/{rel}","templated":true}]}}