{"id":214,"date":"2026-03-04T10:54:38","date_gmt":"2026-03-04T07:54:38","guid":{"rendered":"http:\/\/localhost\/medyasal\/?p=214"},"modified":"2026-03-04T10:54:44","modified_gmt":"2026-03-04T07:54:44","slug":"cumhurbaskani-erdogan-turkiye-tarafsiz-kalmayacak","status":"publish","type":"post","link":"https:\/\/demo.vianecraft.com\/x\/cumhurbaskani-erdogan-turkiye-tarafsiz-kalmayacak\/214\/","title":{"rendered":"Cumhurba\u015fkan\u0131 Erdo\u011fan: T\u00fcrkiye, tarafs\u0131z kalmayacak"},"content":{"rendered":"\n<p>Cumhurba\u015fkan\u0131 Recep Tayyip Erdo\u011fan, TBMM\u2019de d\u00fczenlenen milletvekilleriyle iftar program\u0131nda yapt\u0131\u011f\u0131 konu\u015fmada, T\u00fcrkiye\u2019nin uluslararas\u0131 ve b\u00f6lgesel krizlerde tarafs\u0131z kalmayaca\u011f\u0131n\u0131 belirtti.<\/p>\n\n\n\n<p>T\u00fcrkiye\u2019nin hem b\u00f6lgesel, hem de k\u00fcresel meselelerde aktif bir diplomatik duru\u015f sergileyece\u011fini ve hak, adalet ve insan odakl\u0131 politikalar\u0131n \u00f6ncelikli olaca\u011f\u0131n\u0131 ortaya koyan Cumhurba\u015fkan\u0131 Erdo\u011fan, konu\u015fmas\u0131nda, \u201cBiz, karde\u015flerimiz ve kom\u015fular\u0131m\u0131z\u0131n huzurunu bozan hadiselerde tarafs\u0131z de\u011filiz. T\u00fcm d\u00fcnyan\u0131n gelece\u011fini tehdit eden konularda tarafs\u0131z de\u011filiz\u201d dedi.<\/p>\n\n\n\n<p>T\u00fcrkiye\u2019nin tutumunu da \u00f6zetleyen Cumhurba\u015fkan\u0131 Erdo\u011fan, &#8220;T\u00fcrkiye; sulh ve s\u00fck\u00fbnun taraf\u0131nda. Huzurun ve istikrar\u0131n taraf\u0131nda. Dayan\u0131\u015fman\u0131n ve i\u015fbirli\u011finin taraf\u0131nda. Evrensel de\u011ferlerin, adaletin ve kalk\u0131nman\u0131n taraf\u0131nda. Sorunlar\u0131n diyalog ve diplomasiyle \u00e7\u00f6z\u00fclmesinin taraf\u0131nda&#8221; diye konu\u015ftu.<\/p>\n\n\n\n<p>\u00c7at\u0131\u015fma yerine m\u00fczakereyi, sava\u015f yerine bar\u0131\u015f\u0131, \u00f6ld\u00fcrme ve soyk\u0131r\u0131m yerine insan\u0131 ya\u015fatmay\u0131 savunduklar\u0131n\u0131 belirten Cumhurba\u015fkan\u0131 Erdo\u011fan, \u201cMazlumlar\u0131n g\u00f6z ya\u015f\u0131n\u0131 dindirmenin, zulm\u00fc engellemenin taraf\u0131nday\u0131z. \u0130n\u015fallah bu \u00e7izgimizi ve duru\u015fumuzu her daim koruyaca\u011f\u0131z\u201d dedi.<\/p>\n","protected":false},"excerpt":{"rendered":"<p>Cumhurba\u015fkan\u0131 Recep Tayyip Erdo\u011fan, TBMM\u2019de milletvekilleriyle d\u00fczenlenen iftar program\u0131nda konu\u015farak, T\u00fcrkiye\u2019nin tarafs\u0131z kalmayaca\u011f\u0131n\u0131, sulh, adalet ve insanl\u0131\u011f\u0131n yan\u0131nda duraca\u011f\u0131n\u0131 vurgulad\u0131.<\/p>\n","protected":false},"author":1,"featured_media":215,"comment_status":"open","ping_status":"open","sticky":false,"template":"","format":"standard","meta":{"footnotes":""},"categories":[1],"tags":[32],"class_list":["post-214","post","type-post","status-publish","format-standard","has-post-thumbnail","hentry","category-gundem","tag-erdogan"],"_links":{"self":[{"href":"https:\/\/demo.vianecraft.com\/x\/wp-json\/wp\/v2\/posts\/214","targetHints":{"allow":["GET"]}}],"collection":[{"href":"https:\/\/demo.vianecraft.com\/x\/wp-json\/wp\/v2\/posts"}],"about":[{"href":"https:\/\/demo.vianecraft.com\/x\/wp-json\/wp\/v2\/types\/post"}],"author":[{"embeddable":true,"href":"https:\/\/demo.vianecraft.com\/x\/wp-json\/wp\/v2\/users\/1"}],"replies":[{"embeddable":true,"href":"https:\/\/demo.vianecraft.com\/x\/wp-json\/wp\/v2\/comments?post=214"}],"version-history":[{"count":1,"href":"https:\/\/demo.vianecraft.com\/x\/wp-json\/wp\/v2\/posts\/214\/revisions"}],"predecessor-version":[{"id":216,"href":"https:\/\/demo.vianecraft.com\/x\/wp-json\/wp\/v2\/posts\/214\/revisions\/216"}],"wp:featuredmedia":[{"embeddable":true,"href":"https:\/\/demo.vianecraft.com\/x\/wp-json\/wp\/v2\/media\/215"}],"wp:attachment":[{"href":"https:\/\/demo.vianecraft.com\/x\/wp-json\/wp\/v2\/media?parent=214"}],"wp:term":[{"taxonomy":"category","embeddable":true,"href":"https:\/\/demo.vianecraft.com\/x\/wp-json\/wp\/v2\/categories?post=214"},{"taxonomy":"post_tag","embeddable":true,"href":"https:\/\/demo.vianecraft.com\/x\/wp-json\/wp\/v2\/tags?post=214"}],"curies":[{"name":"wp","href":"https:\/\/api.w.org\/{rel}","templated":true}]}}