{"id":211,"date":"2026-03-04T09:53:36","date_gmt":"2026-03-04T06:53:36","guid":{"rendered":"http:\/\/localhost\/medyasal\/?p=211"},"modified":"2026-03-04T09:53:42","modified_gmt":"2026-03-04T06:53:42","slug":"meteorolojiden-5-il-icin-sari-kodlu-kar-uyarisi-buzlanma-ve-don-riskine-dikkat","status":"publish","type":"post","link":"https:\/\/demo.vianecraft.com\/x\/meteorolojiden-5-il-icin-sari-kodlu-kar-uyarisi-buzlanma-ve-don-riskine-dikkat\/211\/","title":{"rendered":"Meteoroloji\u2019den 5 \u0130l \u0130\u00e7in Sar\u0131 Kodlu Kar Uyar\u0131s\u0131: Buzlanma ve Don Riskine Dikkat"},"content":{"rendered":"\n<p>Meteoroloji Genel M\u00fcd\u00fcrl\u00fc\u011f\u00fc (MGM), yay\u0131mlad\u0131\u011f\u0131 son hava tahmin raporunda 5 il i\u00e7in sar\u0131 kodlu kar ya\u011f\u0131\u015f\u0131 uyar\u0131s\u0131nda bulundu. Hava s\u0131cakl\u0131klar\u0131nda beklenen d\u00fc\u015f\u00fc\u015fle birlikte baz\u0131 b\u00f6lgelerde ya\u011f\u0131\u015flar\u0131n kar \u015feklinde etkili olaca\u011f\u0131 bildirildi.<\/p>\n\n\n\n<p>Meteoroloji\u2019nin de\u011ferlendirmelerine g\u00f6re \u00f6zellikle Do\u011fu Karadeniz ve \u00e7evresinde hava ko\u015fullar\u0131nda ani de\u011fi\u015fimler ya\u015fanabilecek.<\/p>\n\n\n\n<h2 class=\"wp-block-heading\">Hangi \u0130llerde Kar Bekleniyor?<\/h2>\n\n\n\n<p>MGM\u2019nin a\u00e7\u0131klamas\u0131na g\u00f6re; Artvin, Giresun, G\u00fcm\u00fc\u015fhane, Rize ve Trabzon\u2019da sa\u011fanak ya\u011f\u0131\u015fla birlikte y\u00fcksek kesimlerde kar ya\u011f\u0131\u015f\u0131 g\u00f6r\u00fclecek.<\/p>\n\n\n\n<p>\u00d6zellikle sabah ve gece saatlerinde hava s\u0131cakl\u0131klar\u0131n\u0131n s\u0131f\u0131r\u0131n alt\u0131na d\u00fc\u015fmesi beklenirken, y\u00fcksek rak\u0131ml\u0131 b\u00f6lgelerde kar ya\u011f\u0131\u015f\u0131n\u0131n yer yer etkisini art\u0131rabilece\u011fi ifade edildi.<\/p>\n\n\n\n<h2 class=\"wp-block-heading\">Buzlanma ve Don Riskine Kar\u015f\u0131 Uyar\u0131<\/h2>\n\n\n\n<p>Yetkililer, ani s\u0131cakl\u0131k d\u00fc\u015f\u00fc\u015fleri ve ya\u011f\u0131\u015f ge\u00e7i\u015fleri nedeniyle buzlanma ve don olaylar\u0131n\u0131n ya\u015fanabilece\u011fine dikkat \u00e7ekti. S\u00fcr\u00fcc\u00fclere, kar ya\u011f\u0131\u015f\u0131 ve buzlanma ihtimaline kar\u015f\u0131 dikkatli ve kontroll\u00fc seyretmeleri y\u00f6n\u00fcnde \u00e7a\u011fr\u0131da bulunuldu.<\/p>\n\n\n\n<p>Belediye ekipleri ile karayollar\u0131 birimlerinin olas\u0131 olumsuzluklara kar\u015f\u0131 haz\u0131rl\u0131klar\u0131n\u0131 s\u00fcrd\u00fcrd\u00fc\u011f\u00fc belirtilirken, vatanda\u015flardan da g\u00fcncel hava tahmin raporlar\u0131 ve meteorolojik uyar\u0131lar\u0131 d\u00fczenli olarak takip etmeleri istendi.<\/p>\n\n\n\n<p>Meteoroloji\u2019nin sar\u0131 kodlu uyar\u0131s\u0131, beklenen hava ko\u015fullar\u0131n\u0131n g\u00fcnl\u00fck ya\u015fam\u0131 etkileyebilece\u011fine i\u015faret ederken, tedbirli olunmas\u0131 gerekti\u011fi vurguland\u0131.<\/p>\n","protected":false},"excerpt":{"rendered":"<p>Meteoroloji Genel M\u00fcd\u00fcrl\u00fc\u011f\u00fc, Artvin, Rize, Trabzon, Giresun ve G\u00fcm\u00fc\u015fhane i\u00e7in sar\u0131 kodlu kar ya\u011f\u0131\u015f\u0131 uyar\u0131s\u0131 yay\u0131mlad\u0131. Y\u00fcksek kesimlerde kar, sabah ve gece saatlerinde ise don ve buzlanma bekleniyor.<\/p>\n","protected":false},"author":1,"featured_media":212,"comment_status":"open","ping_status":"open","sticky":false,"template":"","format":"standard","meta":{"footnotes":""},"categories":[1],"tags":[31,30],"class_list":["post-211","post","type-post","status-publish","format-standard","has-post-thumbnail","hentry","category-gundem","tag-kar","tag-meteoroloji"],"_links":{"self":[{"href":"https:\/\/demo.vianecraft.com\/x\/wp-json\/wp\/v2\/posts\/211","targetHints":{"allow":["GET"]}}],"collection":[{"href":"https:\/\/demo.vianecraft.com\/x\/wp-json\/wp\/v2\/posts"}],"about":[{"href":"https:\/\/demo.vianecraft.com\/x\/wp-json\/wp\/v2\/types\/post"}],"author":[{"embeddable":true,"href":"https:\/\/demo.vianecraft.com\/x\/wp-json\/wp\/v2\/users\/1"}],"replies":[{"embeddable":true,"href":"https:\/\/demo.vianecraft.com\/x\/wp-json\/wp\/v2\/comments?post=211"}],"version-history":[{"count":1,"href":"https:\/\/demo.vianecraft.com\/x\/wp-json\/wp\/v2\/posts\/211\/revisions"}],"predecessor-version":[{"id":213,"href":"https:\/\/demo.vianecraft.com\/x\/wp-json\/wp\/v2\/posts\/211\/revisions\/213"}],"wp:featuredmedia":[{"embeddable":true,"href":"https:\/\/demo.vianecraft.com\/x\/wp-json\/wp\/v2\/media\/212"}],"wp:attachment":[{"href":"https:\/\/demo.vianecraft.com\/x\/wp-json\/wp\/v2\/media?parent=211"}],"wp:term":[{"taxonomy":"category","embeddable":true,"href":"https:\/\/demo.vianecraft.com\/x\/wp-json\/wp\/v2\/categories?post=211"},{"taxonomy":"post_tag","embeddable":true,"href":"https:\/\/demo.vianecraft.com\/x\/wp-json\/wp\/v2\/tags?post=211"}],"curies":[{"name":"wp","href":"https:\/\/api.w.org\/{rel}","templated":true}]}}