{"id":205,"date":"2026-03-04T09:36:19","date_gmt":"2026-03-04T06:36:19","guid":{"rendered":"http:\/\/localhost\/medyasal\/?p=205"},"modified":"2026-03-04T09:36:24","modified_gmt":"2026-03-04T06:36:24","slug":"bedelli-askerlik-ucreti-417-bin-tlye-yukseliyor","status":"publish","type":"post","link":"https:\/\/demo.vianecraft.com\/x\/bedelli-askerlik-ucreti-417-bin-tlye-yukseliyor\/205\/","title":{"rendered":"Bedelli Askerlik \u00dccreti 417 Bin TL\u2019ye Y\u00fckseliyor"},"content":{"rendered":"\n<p>AK Parti Grup Ba\u015fkan\u0131 Abdullah G\u00fcler, bedelli askerlik \u00fccretine ili\u015fkin yeni d\u00fczenlemeyi kamuoyuyla payla\u015ft\u0131. Yap\u0131lan a\u00e7\u0131klamaya g\u00f6re bedelli askerlik bedeli 417 bin TL\u2019ye y\u00fckseltilecek.<\/p>\n\n\n\n<p>D\u00fczenleme kapsam\u0131nda, \u00fccret hesaplamas\u0131nda esas al\u0131nan g\u00f6sterge rakam\u0131nda art\u0131\u015fa gidildi\u011fi belirtildi.<\/p>\n\n\n\n<h2 class=\"wp-block-heading\">Gelir Savunma Sanayii Destekleme Fonu\u2019na Aktar\u0131lacak<\/h2>\n\n\n\n<p>G\u00fcler, de\u011fi\u015fikli\u011fin temel amac\u0131n\u0131n T\u00fcrkiye\u2019nin savunma kapasitesini art\u0131rmak ve yerli teknoloji yat\u0131r\u0131mlar\u0131na kaynak sa\u011flamak oldu\u011funu ifade etti. Yeni uygulamayla birlikte bedelli askerlikten elde edilen gelir, genel b\u00fct\u00e7e yerine do\u011frudan Savunma Sanayii Destekleme Fonu\u2019na aktar\u0131lacak.<\/p>\n\n\n\n<p>Bu ad\u0131m\u0131n, savunma projelerinin finansman\u0131n\u0131 g\u00fc\u00e7lendirmesi ve milli teknoloji hamlelerine katk\u0131 sunmas\u0131 hedefleniyor.<\/p>\n\n\n\n<h2 class=\"wp-block-heading\">Meclis S\u00fcreci Nas\u0131l \u0130\u015fleyecek?<\/h2>\n\n\n\n<p>Haz\u0131rlanan teklif, T\u00fcrkiye B\u00fcy\u00fck Millet Meclisi Ba\u015fkanl\u0131\u011f\u0131\u2019na sunuldu. \u00d6n\u00fcm\u00fczdeki g\u00fcnlerde ilgili komisyonlarda ele al\u0131nmas\u0131 ve ard\u0131ndan Genel Kurul g\u00fcndemine ta\u015f\u0131nmas\u0131 bekleniyor.<\/p>\n\n\n\n<p>Teklifin yasala\u015fmas\u0131n\u0131n ard\u0131ndan Resmi Gazete\u2019de yay\u0131mlanmas\u0131yla birlikte d\u00fczenleme y\u00fcr\u00fcrl\u00fc\u011fe girecek. Uzmanlar, bedelli askerlik plan\u0131 yapan y\u00fck\u00fcml\u00fclerin Meclis s\u00fcrecini yak\u0131ndan takip etmeleri gerekti\u011fini vurguluyor.<\/p>\n\n\n\n<h2 class=\"wp-block-heading\">Bedelli Askerlik Ka\u00e7 G\u00fcn?<\/h2>\n\n\n\n<p>Mevcut uygulamaya g\u00f6re bedelli askerlik hizmetinden yararlananlar i\u00e7in temel askerlik s\u00fcresi 28 g\u00fcn olarak uygulan\u0131yor. Bu s\u00fcreyi tamamlayan y\u00fck\u00fcml\u00fcler, askerlik g\u00f6revini yerine getirmi\u015f say\u0131l\u0131yor.<\/p>\n\n\n\n<p>Yeni d\u00fczenlemenin kesinle\u015fmesi, Meclis\u2019te kabul edilip Resmi Gazete\u2019de yay\u0131mlanmas\u0131n\u0131n ard\u0131ndan m\u00fcmk\u00fcn olacak. S\u00fcre\u00e7 tamamland\u0131\u011f\u0131nda bedelli askerlik \u00fccreti ve uygulama esaslar\u0131 resmiyet kazanacak.<\/p>\n","protected":false},"excerpt":{"rendered":"<p>AK Parti Grup Ba\u015fkan\u0131 Abdullah G\u00fcler, bedelli askerlik \u00fccretinin 417 bin liraya \u00e7\u0131kar\u0131laca\u011f\u0131n\u0131 a\u00e7\u0131klad\u0131. Gelirin Savunma Sanayii Destekleme Fonu\u2019na aktar\u0131lmas\u0131 planlan\u0131yor. <\/p>\n","protected":false},"author":1,"featured_media":206,"comment_status":"open","ping_status":"open","sticky":false,"template":"","format":"standard","meta":{"footnotes":""},"categories":[1],"tags":[27],"class_list":["post-205","post","type-post","status-publish","format-standard","has-post-thumbnail","hentry","category-gundem","tag-bedelli-askerlik"],"_links":{"self":[{"href":"https:\/\/demo.vianecraft.com\/x\/wp-json\/wp\/v2\/posts\/205","targetHints":{"allow":["GET"]}}],"collection":[{"href":"https:\/\/demo.vianecraft.com\/x\/wp-json\/wp\/v2\/posts"}],"about":[{"href":"https:\/\/demo.vianecraft.com\/x\/wp-json\/wp\/v2\/types\/post"}],"author":[{"embeddable":true,"href":"https:\/\/demo.vianecraft.com\/x\/wp-json\/wp\/v2\/users\/1"}],"replies":[{"embeddable":true,"href":"https:\/\/demo.vianecraft.com\/x\/wp-json\/wp\/v2\/comments?post=205"}],"version-history":[{"count":1,"href":"https:\/\/demo.vianecraft.com\/x\/wp-json\/wp\/v2\/posts\/205\/revisions"}],"predecessor-version":[{"id":207,"href":"https:\/\/demo.vianecraft.com\/x\/wp-json\/wp\/v2\/posts\/205\/revisions\/207"}],"wp:featuredmedia":[{"embeddable":true,"href":"https:\/\/demo.vianecraft.com\/x\/wp-json\/wp\/v2\/media\/206"}],"wp:attachment":[{"href":"https:\/\/demo.vianecraft.com\/x\/wp-json\/wp\/v2\/media?parent=205"}],"wp:term":[{"taxonomy":"category","embeddable":true,"href":"https:\/\/demo.vianecraft.com\/x\/wp-json\/wp\/v2\/categories?post=205"},{"taxonomy":"post_tag","embeddable":true,"href":"https:\/\/demo.vianecraft.com\/x\/wp-json\/wp\/v2\/tags?post=205"}],"curies":[{"name":"wp","href":"https:\/\/api.w.org\/{rel}","templated":true}]}}