{"id":202,"date":"2026-03-03T16:00:26","date_gmt":"2026-03-03T13:00:26","guid":{"rendered":"http:\/\/localhost\/medyasal\/?p=202"},"modified":"2026-03-03T16:00:34","modified_gmt":"2026-03-03T13:00:34","slug":"bakan-osman-askin-baktan-fenerbahce-bekoya-tebrik-mesaji","status":"publish","type":"post","link":"https:\/\/demo.vianecraft.com\/x\/bakan-osman-askin-baktan-fenerbahce-bekoya-tebrik-mesaji\/202\/","title":{"rendered":"Bakan Osman A\u015fk\u0131n Bak\u2019tan Fenerbah\u00e7e Beko\u2019ya Tebrik Mesaj\u0131"},"content":{"rendered":"\n<p>Gen\u00e7lik ve Spor Bakan\u0131 Dr. Osman A\u015fk\u0131n Bak, Basketbol 40. Erkekler T\u00fcrkiye Kupas\u0131\u2019n\u0131 kazanan Fenerbah\u00e7e Beko i\u00e7in bir kutlama mesaj\u0131 yay\u0131mlad\u0131. Gen\u00e7lik ve Spor Bakan\u0131 Bak, finalde elde edilen \u015fampiyonluk dolay\u0131s\u0131yla sar\u0131-lacivertli ekibi tebrik etti.<\/p>\n\n\n\n<h2 class=\"wp-block-heading\">Sinan Erdem\u2019de Final Heyecan\u0131<\/h2>\n\n\n\n<p>Basketbol 40. Erkekler T\u00fcrkiye Kupas\u0131 finali, \u0130stanbul\u2019daki Sinan Erdem Spor Salonu\u2019nda oynand\u0131. Kar\u015f\u0131la\u015fmada Be\u015fikta\u015f GA\u0130N\u2019i ma\u011flup eden Fenerbah\u00e7e Beko, kupay\u0131 m\u00fczesine g\u00f6t\u00fcrmeyi ba\u015fard\u0131.<\/p>\n\n\n\n<p>Final m\u00fccadelesi, iki k\u00f6kl\u00fc kul\u00fcb\u00fcn rekabetine sahne olurken trib\u00fcnlerde b\u00fcy\u00fck heyecan ya\u015fand\u0131.<\/p>\n\n\n\n<h2 class=\"wp-block-heading\">\u201cHer \u0130ki Tak\u0131m\u0131 da Kutluyorum\u201d<\/h2>\n\n\n\n<p>Bakan Bak, yay\u0131mlad\u0131\u011f\u0131 mesajda \u015fu ifadelere yer verdi:<\/p>\n\n\n\n<blockquote class=\"wp-block-quote is-layout-flow wp-block-quote-is-layout-flow\">\n<p>\u201c\u0130stanbul Sinan Erdem Spor Salonu\u2019nda oynanan Basketbol 40. Erkekler T\u00fcrkiye Kupas\u0131 finalinde Be\u015fikta\u015f GA\u0130N\u2019i ma\u011flup ederek \u015fampiyon olan Fenerbah\u00e7e Beko\u2019yu tebrik ediyorum. Finalde m\u00fccadele eden Be\u015fikta\u015f GA\u0130N\u2019i de ortaya koydu\u011fu performanstan dolay\u0131 kutluyor, her iki tak\u0131m\u0131m\u0131za ba\u015far\u0131lar diliyorum.\u201d<\/p>\n<\/blockquote>\n","protected":false},"excerpt":{"rendered":"<p>Gen\u00e7lik ve Spor Bakan\u0131 Dr. Osman A\u015fk\u0131n Bak, Basketbol Erkekler T\u00fcrkiye Kupas\u0131\u2019n\u0131 kazanan Fenerbah\u00e7e Beko i\u00e7in tebrik mesaj\u0131 yay\u0131mlad\u0131. <\/p>\n","protected":false},"author":1,"featured_media":203,"comment_status":"open","ping_status":"open","sticky":false,"template":"","format":"standard","meta":{"footnotes":""},"categories":[11],"tags":[26],"class_list":["post-202","post","type-post","status-publish","format-standard","has-post-thumbnail","hentry","category-spor","tag-fenerbahce"],"_links":{"self":[{"href":"https:\/\/demo.vianecraft.com\/x\/wp-json\/wp\/v2\/posts\/202","targetHints":{"allow":["GET"]}}],"collection":[{"href":"https:\/\/demo.vianecraft.com\/x\/wp-json\/wp\/v2\/posts"}],"about":[{"href":"https:\/\/demo.vianecraft.com\/x\/wp-json\/wp\/v2\/types\/post"}],"author":[{"embeddable":true,"href":"https:\/\/demo.vianecraft.com\/x\/wp-json\/wp\/v2\/users\/1"}],"replies":[{"embeddable":true,"href":"https:\/\/demo.vianecraft.com\/x\/wp-json\/wp\/v2\/comments?post=202"}],"version-history":[{"count":1,"href":"https:\/\/demo.vianecraft.com\/x\/wp-json\/wp\/v2\/posts\/202\/revisions"}],"predecessor-version":[{"id":204,"href":"https:\/\/demo.vianecraft.com\/x\/wp-json\/wp\/v2\/posts\/202\/revisions\/204"}],"wp:featuredmedia":[{"embeddable":true,"href":"https:\/\/demo.vianecraft.com\/x\/wp-json\/wp\/v2\/media\/203"}],"wp:attachment":[{"href":"https:\/\/demo.vianecraft.com\/x\/wp-json\/wp\/v2\/media?parent=202"}],"wp:term":[{"taxonomy":"category","embeddable":true,"href":"https:\/\/demo.vianecraft.com\/x\/wp-json\/wp\/v2\/categories?post=202"},{"taxonomy":"post_tag","embeddable":true,"href":"https:\/\/demo.vianecraft.com\/x\/wp-json\/wp\/v2\/tags?post=202"}],"curies":[{"name":"wp","href":"https:\/\/api.w.org\/{rel}","templated":true}]}}