{"id":199,"date":"2026-03-03T15:55:54","date_gmt":"2026-03-03T12:55:54","guid":{"rendered":"http:\/\/localhost\/medyasal\/?p=199"},"modified":"2026-03-03T15:55:59","modified_gmt":"2026-03-03T12:55:59","slug":"samsunsporun-avrupadaki-rakibi-rayo-vallecano","status":"publish","type":"post","link":"https:\/\/demo.vianecraft.com\/x\/samsunsporun-avrupadaki-rakibi-rayo-vallecano\/199\/","title":{"rendered":"Samsunspor\u2019un Avrupa\u2019daki Rakibi Rayo Vallecano"},"content":{"rendered":"\n<p>UEFA Avrupa Konferans Ligi son 16 turu kura \u00e7ekimi, \u0130svi\u00e7re\u2019nin Nyon kentinde bulunan UEFA Genel Merkezi\u2019nde ger\u00e7ekle\u015ftirildi. Avrupa futbolunun kul\u00fcp d\u00fczeyindeki \u00f6nemli organizasyonlar\u0131ndan biri olan turnuvada, T\u00fcrkiye\u2019yi temsil eden Samsunspor\u2019un rakibi \u0130spanya La Liga ekiplerinden Rayo Vallecano oldu.<\/p>\n\n\n\n<p>UEFA yetkililerinin kat\u0131l\u0131m\u0131yla yap\u0131lan kura organizasyonunda son 16 turu e\u015fle\u015fmeleri resmiyet kazand\u0131.<\/p>\n\n\n\n<h2 class=\"wp-block-heading\">\u00c7eyrek Final \u0130\u00e7in Kritik M\u00fccadele<\/h2>\n\n\n\n<p>K\u0131rm\u0131z\u0131-beyazl\u0131 temsilcimiz, Avrupa Konferans Ligi\u2019nde yoluna devam edebilmek ad\u0131na g\u00fc\u00e7l\u00fc \u0130spanyol rakibi kar\u015f\u0131s\u0131nda avantajl\u0131 bir skor elde etmeye \u00e7al\u0131\u015facak. \u0130ki ma\u00e7 \u00fczerinden oynanacak e\u015fle\u015fmede tur atlayan ekip ad\u0131n\u0131 \u00e7eyrek finale yazd\u0131racak.<\/p>\n\n\n\n<p>Samsunspor cephesi, \u00f6zellikle taraftar deste\u011fini arkas\u0131na alaca\u011f\u0131 kar\u015f\u0131la\u015fmada iyi bir sonu\u00e7 alarak Avrupa arenas\u0131nda \u00f6nemli bir ba\u015far\u0131ya imza atmay\u0131 hedefliyor.<\/p>\n\n\n\n<h2 class=\"wp-block-heading\">Ma\u00e7 Tarihleri Mart Ay\u0131nda<\/h2>\n\n\n\n<p>Son 16 turu kar\u015f\u0131la\u015fmalar\u0131n\u0131n 12 ve 19 Mart tarihlerinde oynanaca\u011f\u0131 a\u00e7\u0131kland\u0131. \u0130lk m\u00fccadelenin hangi sahada yap\u0131laca\u011f\u0131 ise UEFA\u2019n\u0131n detayl\u0131 fikst\u00fcr program\u0131n\u0131 duyurmas\u0131n\u0131n ard\u0131ndan kesinle\u015fecek.<\/p>\n\n\n\n<p>Samsunspor, Konferans Ligi son 16 turunda sergileyece\u011fi performansla hem T\u00fcrk futbolunu temsil edecek hem de Avrupa kupalar\u0131ndaki iddias\u0131n\u0131 s\u00fcrd\u00fcrmeye \u00e7al\u0131\u015facak. Avrupa heyecan\u0131, Mart ay\u0131nda oynanacak kritik kar\u015f\u0131la\u015fmalarla birlikte zirveye \u00e7\u0131kacak.<\/p>\n","protected":false},"excerpt":{"rendered":"<p>UEFA Avrupa Konferans Ligi son 16 turu kura \u00e7ekimi tamamland\u0131. Samsunspor, \u0130spanyol ekibi Rayo Vallecano ile e\u015fle\u015fti. \u0130\u015fte ma\u00e7 tarihleri ve e\u015fle\u015fmeler..<\/p>\n","protected":false},"author":1,"featured_media":200,"comment_status":"open","ping_status":"open","sticky":false,"template":"","format":"standard","meta":{"footnotes":""},"categories":[11],"tags":[25],"class_list":["post-199","post","type-post","status-publish","format-standard","has-post-thumbnail","hentry","category-spor","tag-samsunspor"],"_links":{"self":[{"href":"https:\/\/demo.vianecraft.com\/x\/wp-json\/wp\/v2\/posts\/199","targetHints":{"allow":["GET"]}}],"collection":[{"href":"https:\/\/demo.vianecraft.com\/x\/wp-json\/wp\/v2\/posts"}],"about":[{"href":"https:\/\/demo.vianecraft.com\/x\/wp-json\/wp\/v2\/types\/post"}],"author":[{"embeddable":true,"href":"https:\/\/demo.vianecraft.com\/x\/wp-json\/wp\/v2\/users\/1"}],"replies":[{"embeddable":true,"href":"https:\/\/demo.vianecraft.com\/x\/wp-json\/wp\/v2\/comments?post=199"}],"version-history":[{"count":1,"href":"https:\/\/demo.vianecraft.com\/x\/wp-json\/wp\/v2\/posts\/199\/revisions"}],"predecessor-version":[{"id":201,"href":"https:\/\/demo.vianecraft.com\/x\/wp-json\/wp\/v2\/posts\/199\/revisions\/201"}],"wp:featuredmedia":[{"embeddable":true,"href":"https:\/\/demo.vianecraft.com\/x\/wp-json\/wp\/v2\/media\/200"}],"wp:attachment":[{"href":"https:\/\/demo.vianecraft.com\/x\/wp-json\/wp\/v2\/media?parent=199"}],"wp:term":[{"taxonomy":"category","embeddable":true,"href":"https:\/\/demo.vianecraft.com\/x\/wp-json\/wp\/v2\/categories?post=199"},{"taxonomy":"post_tag","embeddable":true,"href":"https:\/\/demo.vianecraft.com\/x\/wp-json\/wp\/v2\/tags?post=199"}],"curies":[{"name":"wp","href":"https:\/\/api.w.org\/{rel}","templated":true}]}}