{"id":154,"date":"2026-02-12T11:19:18","date_gmt":"2026-02-12T08:19:18","guid":{"rendered":"http:\/\/localhost\/medyasal\/?p=154"},"modified":"2026-02-12T11:19:23","modified_gmt":"2026-02-12T08:19:23","slug":"tffden-disiplin-hamlesi-10-super-lig-ekibi-pfdkya-sevk-edildi","status":"publish","type":"post","link":"https:\/\/demo.vianecraft.com\/x\/tffden-disiplin-hamlesi-10-super-lig-ekibi-pfdkya-sevk-edildi\/154\/","title":{"rendered":"TFF\u2019den Disiplin Hamlesi: 10 S\u00fcper Lig Ekibi PFDK\u2019ya Sevk Edildi"},"content":{"rendered":"\n<p>T\u00fcrkiye Futbol Federasyonu (TFF) Hukuk M\u00fc\u015favirli\u011fi, S\u00fcper Lig\u2019de ya\u015fanan disiplin ihlalleri nedeniyle <strong>10 kul\u00fcb\u00fc Profesyonel Futbol Disiplin Kurulu\u2019na (PFDK)<\/strong> sevk etti. Ayn\u0131 hafta i\u00e7inde bu kadar \u00e7ok kul\u00fcb\u00fcn disipline g\u00f6nderilmesi, futbol kamuoyunda geni\u015f yank\u0131 uyand\u0131rd\u0131.<\/p>\n\n\n\n<p>TFF\u2019nin resm\u00ee internet sitesinde yay\u0131mlanan bilgilendirmede, sevk kararlar\u0131n\u0131n <strong>m\u00fcsabakalarda tespit edilen farkl\u0131 disiplin ihlallerine<\/strong> dayand\u0131\u011f\u0131 belirtildi.<\/p>\n\n\n\n<h2 class=\"wp-block-heading\"><strong>PFDK\u2019ya Sevk Edilen S\u00fcper Lig Kul\u00fcpleri A\u00e7\u0131kland\u0131<\/strong><\/h2>\n\n\n\n<p>TFF Hukuk M\u00fc\u015favirli\u011fi\u2019nin a\u00e7\u0131klamas\u0131na g\u00f6re, disiplin kuruluna g\u00f6nderilen S\u00fcper Lig ekipleri \u015fu \u015fekilde s\u0131raland\u0131:<\/p>\n\n\n\n<ul class=\"wp-block-list\">\n<li>RAMS Ba\u015fak\u015fehir<\/li>\n\n\n\n<li>Be\u015fikta\u015f<\/li>\n\n\n\n<li>\u00c7aykur Rizespor<\/li>\n\n\n\n<li>Ey\u00fcpspor<\/li>\n\n\n\n<li>Fenerbah\u00e7e<\/li>\n\n\n\n<li>Galatasaray<\/li>\n\n\n\n<li>Kayserispor<\/li>\n\n\n\n<li>Kocaelispor<\/li>\n\n\n\n<li>Samsunspor<\/li>\n\n\n\n<li>Trabzonspor<\/li>\n<\/ul>\n\n\n\n<p>Ayn\u0131 hafta i\u00e7erisinde <strong>10 S\u00fcper Lig kul\u00fcb\u00fcn\u00fcn birden disipline sevk edilmesi<\/strong>, sezonun en kapsaml\u0131 disiplin s\u00fcre\u00e7lerinden biri olarak de\u011ferlendirildi.<\/p>\n\n\n\n<h2 class=\"wp-block-heading\"><strong>Gaziantep FK\u2019l\u0131 Camara Hakk\u0131nda Tedbir Karar\u0131<\/strong><\/h2>\n\n\n\n<p>Disiplin s\u00fcreci kapsam\u0131nda <strong>Gaziantep FK formas\u0131 giyen Drissa Camara<\/strong>, kural d\u0131\u015f\u0131 davran\u0131\u015f\u0131 nedeniyle <strong>tedbirli olarak PFDK\u2019ya sevk edildi<\/strong>.<\/p>\n\n\n\n<p>Camara hakk\u0131nda nihai karar\u0131n, Profesyonel Futbol Disiplin Kurulu\u2019nun yapaca\u011f\u0131 de\u011ferlendirme sonras\u0131nda a\u00e7\u0131klanaca\u011f\u0131 bildirildi. Oyuncunun durumu, kurulun verece\u011fi karara g\u00f6re netlik kazanacak.<\/p>\n\n\n\n<h3 class=\"wp-block-heading\"><strong>1. Lig Kul\u00fcpleri ve \u0130simler de PFDK\u2019ya G\u00f6nderildi<\/strong><\/h3>\n\n\n\n<p>TFF Hukuk M\u00fc\u015favirli\u011fi, yaln\u0131zca S\u00fcper Lig ile s\u0131n\u0131rl\u0131 kalmayarak <strong>1. Lig ekipleri ve baz\u0131 futbolcular hakk\u0131nda da disiplin i\u015flemi ba\u015flatt\u0131<\/strong>.<\/p>\n\n\n\n<p>Bu kapsamda;<\/p>\n\n\n\n<ul class=\"wp-block-list\">\n<li><strong>Pendikspor<\/strong>,<\/li>\n\n\n\n<li><strong>Serikspor<\/strong>,<\/li>\n\n\n\n<li><strong>Erzurumspor FK<\/strong><\/li>\n<\/ul>\n\n\n\n<p>\u00e7e\u015fitli disiplin ihlalleri nedeniyle PFDK\u2019ya sevk edildi.<\/p>\n\n\n\n<p>Ayr\u0131ca;<\/p>\n\n\n\n<ul class=\"wp-block-list\">\n<li>\u00c7orum FK kalecisi <strong>\u0130brahim Sehic<\/strong>,<\/li>\n\n\n\n<li>Antren\u00f6r <strong>Mehmet Akt\u00fcrk<\/strong>,<\/li>\n\n\n\n<li>Y\u00f6netici <strong>Mustafa Soley<\/strong>,<\/li>\n\n\n\n<li>Pendikspor Teknik Direkt\u00f6r\u00fc <strong>U\u011fur U\u00e7ar<\/strong>,<\/li>\n\n\n\n<li>Ankara Ke\u00e7i\u00f6reng\u00fcc\u00fc oyuncusu <strong>\u0130brahim Akda\u011f<\/strong>,<\/li>\n\n\n\n<li>Band\u0131rmaspor futbolcusu <strong>Douglas Tanque<\/strong>,<\/li>\n\n\n\n<li>Manisa FK oyuncusu <strong>Bobby Adekanye<\/strong>,<\/li>\n<\/ul>\n\n\n\n<p><strong>tedbirli olarak disiplin kuruluna g\u00f6nderilen isimler<\/strong> aras\u0131nda yer ald\u0131.<\/p>\n\n\n\n<h2 class=\"wp-block-heading\"><strong>Kararlar \u00d6n\u00fcm\u00fczdeki G\u00fcnlerde A\u00e7\u0131klanacak<\/strong><\/h2>\n\n\n\n<p>PFDK\u2019n\u0131n, yap\u0131lan sevklerle ilgili <strong>incelemelerini tamamlad\u0131ktan sonra cezalar\u0131 ve nihai kararlar\u0131 \u00f6n\u00fcm\u00fczdeki g\u00fcnlerde kamuoyuna duyurmas\u0131 bekleniyor<\/strong>.<\/p>\n\n\n\n<p>Disiplin s\u00fcre\u00e7lerinin sonu\u00e7lar\u0131, S\u00fcper Lig ve 1. Lig\u2019deki tak\u0131m dengelerini do\u011frudan etkileyebilecek nitelikte g\u00f6r\u00fcl\u00fcyor.<\/p>\n","protected":false},"excerpt":{"rendered":"<p>T\u00fcrkiye Futbol Federasyonu, \u00e7e\u015fitli disiplin ihlalleri nedeniyle S\u00fcper Lig\u2019den 10 kul\u00fcb\u00fc PFDK\u2019ya sevk etti. Ayr\u0131ca 1. Lig ekipleri ve bir\u00e7ok futbolcu ile teknik adam hakk\u0131nda da i\u015flem ba\u015flat\u0131ld\u0131. \u0130\u015fte detaylar\u2026<\/p>\n","protected":false},"author":1,"featured_media":155,"comment_status":"open","ping_status":"open","sticky":false,"template":"","format":"standard","meta":{"footnotes":""},"categories":[11],"tags":[],"class_list":["post-154","post","type-post","status-publish","format-standard","has-post-thumbnail","hentry","category-spor"],"_links":{"self":[{"href":"https:\/\/demo.vianecraft.com\/x\/wp-json\/wp\/v2\/posts\/154","targetHints":{"allow":["GET"]}}],"collection":[{"href":"https:\/\/demo.vianecraft.com\/x\/wp-json\/wp\/v2\/posts"}],"about":[{"href":"https:\/\/demo.vianecraft.com\/x\/wp-json\/wp\/v2\/types\/post"}],"author":[{"embeddable":true,"href":"https:\/\/demo.vianecraft.com\/x\/wp-json\/wp\/v2\/users\/1"}],"replies":[{"embeddable":true,"href":"https:\/\/demo.vianecraft.com\/x\/wp-json\/wp\/v2\/comments?post=154"}],"version-history":[{"count":1,"href":"https:\/\/demo.vianecraft.com\/x\/wp-json\/wp\/v2\/posts\/154\/revisions"}],"predecessor-version":[{"id":156,"href":"https:\/\/demo.vianecraft.com\/x\/wp-json\/wp\/v2\/posts\/154\/revisions\/156"}],"wp:featuredmedia":[{"embeddable":true,"href":"https:\/\/demo.vianecraft.com\/x\/wp-json\/wp\/v2\/media\/155"}],"wp:attachment":[{"href":"https:\/\/demo.vianecraft.com\/x\/wp-json\/wp\/v2\/media?parent=154"}],"wp:term":[{"taxonomy":"category","embeddable":true,"href":"https:\/\/demo.vianecraft.com\/x\/wp-json\/wp\/v2\/categories?post=154"},{"taxonomy":"post_tag","embeddable":true,"href":"https:\/\/demo.vianecraft.com\/x\/wp-json\/wp\/v2\/tags?post=154"}],"curies":[{"name":"wp","href":"https:\/\/api.w.org\/{rel}","templated":true}]}}