{"id":142,"date":"2026-01-29T11:55:53","date_gmt":"2026-01-29T08:55:53","guid":{"rendered":"http:\/\/localhost\/medyasal\/?p=142"},"modified":"2026-01-29T14:16:56","modified_gmt":"2026-01-29T11:16:56","slug":"volkswagen-id-4-modelleri-icin-yangin-riski-uyarisi","status":"publish","type":"post","link":"https:\/\/demo.vianecraft.com\/x\/volkswagen-id-4-modelleri-icin-yangin-riski-uyarisi\/142\/","title":{"rendered":"Volkswagen ID.4 modelleri i\u00e7in yang\u0131n riski uyar\u0131s\u0131"},"content":{"rendered":"\n<p>Geri \u00e7a\u011f\u0131rma uygulamas\u0131n\u0131n, markan\u0131n elektrikli SUV modeli ID.4\u2019\u00fcn 2023-2025 y\u0131llar\u0131 aras\u0131nda \u00fcretilen versiyonlar\u0131n\u0131 kapsad\u0131\u011f\u0131 bildirildi. Ulusal Karayolu Trafik G\u00fcvenli\u011fi \u0130daresi (NHTSA) taraf\u0131ndan yap\u0131lan a\u00e7\u0131klamada, yakla\u015f\u0131k 43 bin 881 adet ID.4 model arac\u0131n yaz\u0131l\u0131m g\u00fcncellemesi ve gerekli g\u00f6r\u00fclmesi halinde batarya de\u011fi\u015fimi i\u00e7in yetkili servislere y\u00f6nlendirilece\u011fi belirtildi.<\/p>\n\n\n\n<h2 class=\"wp-block-heading\"><strong>Baz\u0131 modeller i\u00e7in risk daha y\u00fcksek<\/strong><\/h2>\n\n\n\n<p>Yetkililer, geri \u00e7a\u011f\u0131rma kapsam\u0131ndaki ara\u00e7lar aras\u0131nda \u00f6zellikle 2023 ve 2024 model y\u0131l\u0131na ait 670 ara\u00e7ta batarya h\u00fccre mod\u00fcllerinde hizalama sorunlar\u0131 tespit edildi\u011fini ve bu durumun yang\u0131n riskini art\u0131rd\u0131\u011f\u0131n\u0131 a\u00e7\u0131klad\u0131.<\/p>\n\n\n\n<p>Bu ara\u00e7lar\u0131n sahiplerine, onar\u0131m s\u00fcreci tamamlanana kadar baz\u0131 ek \u00f6nlemler almalar\u0131 tavsiye edildi. Buna g\u00f6re, \u015farj i\u015flemi tamamland\u0131ktan sonra arac\u0131n a\u00e7\u0131k alana park edilmesi, kapal\u0131 alanlarda gece boyunca \u015farj yap\u0131lmamas\u0131, Seviye 3 DC h\u0131zl\u0131 \u015farj istasyonlar\u0131n\u0131n kullan\u0131lmamas\u0131 ve batarya doluluk oran\u0131n\u0131n en fazla y\u00fczde 80 seviyesinde tutulmas\u0131 \u00f6nerildi.<\/p>\n\n\n\n<h2 class=\"wp-block-heading\"><strong>T\u00fcm servis i\u015flemleri \u00fccretsiz yap\u0131lacak<\/strong><\/h2>\n\n\n\n<p>Volkswagen yetkili servislerinin, geri \u00e7a\u011f\u0131rma kapsam\u0131ndaki ara\u00e7larda yaz\u0131l\u0131m g\u00fcncellemeleri ile batarya kontrollerini \u00fccretsiz olarak ger\u00e7ekle\u015ftirece\u011fi bildirildi. Hatal\u0131 batarya h\u00fccresi tespit edilen ara\u00e7larda ise ilgili mod\u00fcllerin de\u011fi\u015ftirilece\u011fi ve g\u00fcvenlik standartlar\u0131n\u0131n yeniden sa\u011flanaca\u011f\u0131 ifade edildi.<\/p>\n\n\n\n<p>\u015eirket taraf\u0131ndan yap\u0131lan a\u00e7\u0131klamada, m\u00fc\u015fteri g\u00fcvenli\u011finin \u00f6ncelik oldu\u011fu vurgulanarak, s\u00fcrecin h\u0131zl\u0131 \u015fekilde tamamlanmas\u0131 i\u00e7in NHTSA ile yak\u0131n i\u015f birli\u011fi i\u00e7inde \u00e7al\u0131\u015f\u0131ld\u0131\u011f\u0131 kaydedildi.<\/p>\n\n\n\n<h2 class=\"wp-block-heading\"><strong>Ara\u00e7 sahipleri bilgilendirilecek<\/strong><\/h2>\n\n\n\n<p>Elektrikli ara\u00e7larda batarya g\u00fcvenli\u011fine y\u00f6nelik artan hassasiyetin bir par\u00e7as\u0131 olarak de\u011ferlendirilen geri \u00e7a\u011f\u0131rma kapsam\u0131nda, ara\u00e7 sahiplerine bilgilendirme mektuplar\u0131n\u0131n mart ay\u0131ndan itibaren g\u00f6nderilmeye ba\u015flanaca\u011f\u0131 a\u00e7\u0131kland\u0131.<\/p>\n\n\n\n<p>Volkswagen, ID.4 modelinin markan\u0131n en h\u0131zl\u0131 b\u00fcy\u00fcyen elektrikli ara\u00e7lar\u0131ndan biri oldu\u011funa dikkat \u00e7ekerken, benzer sorunlar\u0131n gelecekteki modellerde ya\u015fanmamas\u0131 ad\u0131na ilave g\u00fcvenlik \u00f6nlemleri \u00fczerinde \u00e7al\u0131\u015fmalar\u0131n s\u00fcrd\u00fc\u011f\u00fcn\u00fc duyurdu.<a href=\"https:\/\/bha.net.tr\/hindistandaki-nipah-vakalari-asyayi-alarma-gecirdi\"><\/a><\/p>\n","protected":false},"excerpt":{"rendered":"<p>Volkswagen, y\u00fcksek voltajl\u0131 bataryalarda a\u015f\u0131r\u0131 \u0131s\u0131nma ihtimali nedeniyle yang\u0131n riski olu\u015fabilece\u011fi gerek\u00e7esiyle 44 binin \u00fczerinde arac\u0131n\u0131 geri \u00e7a\u011f\u0131rma karar\u0131 ald\u0131.<\/p>\n","protected":false},"author":1,"featured_media":143,"comment_status":"open","ping_status":"open","sticky":false,"template":"","format":"standard","meta":{"footnotes":""},"categories":[1],"tags":[19],"class_list":["post-142","post","type-post","status-publish","format-standard","has-post-thumbnail","hentry","category-gundem","tag-volkswagen"],"_links":{"self":[{"href":"https:\/\/demo.vianecraft.com\/x\/wp-json\/wp\/v2\/posts\/142","targetHints":{"allow":["GET"]}}],"collection":[{"href":"https:\/\/demo.vianecraft.com\/x\/wp-json\/wp\/v2\/posts"}],"about":[{"href":"https:\/\/demo.vianecraft.com\/x\/wp-json\/wp\/v2\/types\/post"}],"author":[{"embeddable":true,"href":"https:\/\/demo.vianecraft.com\/x\/wp-json\/wp\/v2\/users\/1"}],"replies":[{"embeddable":true,"href":"https:\/\/demo.vianecraft.com\/x\/wp-json\/wp\/v2\/comments?post=142"}],"version-history":[{"count":1,"href":"https:\/\/demo.vianecraft.com\/x\/wp-json\/wp\/v2\/posts\/142\/revisions"}],"predecessor-version":[{"id":144,"href":"https:\/\/demo.vianecraft.com\/x\/wp-json\/wp\/v2\/posts\/142\/revisions\/144"}],"wp:featuredmedia":[{"embeddable":true,"href":"https:\/\/demo.vianecraft.com\/x\/wp-json\/wp\/v2\/media\/143"}],"wp:attachment":[{"href":"https:\/\/demo.vianecraft.com\/x\/wp-json\/wp\/v2\/media?parent=142"}],"wp:term":[{"taxonomy":"category","embeddable":true,"href":"https:\/\/demo.vianecraft.com\/x\/wp-json\/wp\/v2\/categories?post=142"},{"taxonomy":"post_tag","embeddable":true,"href":"https:\/\/demo.vianecraft.com\/x\/wp-json\/wp\/v2\/tags?post=142"}],"curies":[{"name":"wp","href":"https:\/\/api.w.org\/{rel}","templated":true}]}}