{"id":127,"date":"2025-12-19T16:51:54","date_gmt":"2025-12-19T13:51:54","guid":{"rendered":"http:\/\/localhost\/medyasal\/?p=127"},"modified":"2025-12-26T09:24:34","modified_gmt":"2025-12-26T06:24:34","slug":"asgari-ucrette-yeni-rakam-icin-geri-sayim-basladi","status":"publish","type":"post","link":"https:\/\/demo.vianecraft.com\/x\/asgari-ucrette-yeni-rakam-icin-geri-sayim-basladi\/127\/","title":{"rendered":"Asgari \u00fccrette yeni rakam i\u00e7in geri say\u0131m ba\u015flad\u0131"},"content":{"rendered":"\n<p>Milyonlarca \u00e7al\u0131\u015fan\u0131 do\u011frudan, t\u00fcm vatanda\u015flar\u0131 ise dolayl\u0131 olarak ilgilendiren 2026 y\u0131l\u0131 asgari \u00fccretini belirleme s\u00fcreci devam ediyor. \u00c7al\u0131\u015fma ve Sosyal G\u00fcvenlik Bakanl\u0131\u011f\u0131 ev sahipli\u011finde 12 Aral\u0131k\u2019ta ba\u015flayan g\u00f6r\u00fc\u015fmeler kapsam\u0131nda Asgari \u00dccret Tespit Komisyonu, ikinci toplant\u0131s\u0131n\u0131 ger\u00e7ekle\u015ftirerek verilerin de\u011ferlendirilmesi a\u015famas\u0131na ge\u00e7ti.<\/p>\n\n\n\n<h2 class=\"wp-block-heading\"><strong>Enflasyon ve OVP verileri masada<\/strong><\/h2>\n\n\n\n<p>Komisyonun bug\u00fcne kadar yapt\u0131\u011f\u0131 toplant\u0131larda, Orta Vadeli Program (OVP) hedefleri ile ger\u00e7ekle\u015fen enflasyon verileri \u00f6ne \u00e7\u0131kan ba\u015fl\u0131klar aras\u0131nda yer ald\u0131. Hazine ve Maliye Bakanl\u0131\u011f\u0131, Ticaret Bakanl\u0131\u011f\u0131 ile T\u00fcrkiye \u0130statistik Kurumu (T\u00dc\u0130K) temsilcileri, ekonomik g\u00f6stergelere ili\u015fkin rapor ve verileri komisyon \u00fcyeleriyle payla\u015ft\u0131.<\/p>\n\n\n\n<p>\u00c7al\u0131\u015fma ve Sosyal G\u00fcvenlik Bakan\u0131 Vedat I\u015f\u0131khan ise s\u00fcrecin ba\u015f\u0131ndan bu yana, \u00e7al\u0131\u015fanlar\u0131n sat\u0131n alma g\u00fcc\u00fcn\u00fcn korunmas\u0131 ve asgari \u00fccretlinin enflasyona kar\u015f\u0131 ezdirilmemesi gerekti\u011fini vurguluyor.<\/p>\n\n\n\n<h2 class=\"wp-block-heading\"><strong>G\u00f6zler \u00fc\u00e7\u00fcnc\u00fc toplant\u0131da<\/strong><\/h2>\n\n\n\n<p>Yeni asgari \u00fccretin belirlenmesi i\u00e7in g\u00f6zler, Asgari \u00dccret Tespit Komisyonu\u2019nun \u00fc\u00e7\u00fcnc\u00fc toplant\u0131s\u0131na \u00e7evrildi. Nihai rakam\u0131n, Aral\u0131k ay\u0131n\u0131n son haftas\u0131nda kamuoyuna a\u00e7\u0131klanmas\u0131 ve 1 Ocak 2026 itibar\u0131yla y\u00fcr\u00fcrl\u00fc\u011fe girmesi bekleniyor.<\/p>\n\n\n\n<h2 class=\"wp-block-heading\"><strong>\u201cEnflasyona ezdirmeme ilkesi\u201d vurgusu<\/strong><\/h2>\n\n\n\n<p>Bakan I\u015f\u0131khan, komisyonun son toplant\u0131s\u0131 \u00f6ncesinde yapt\u0131\u011f\u0131 a\u00e7\u0131klamada, asgari \u00fccretin 2026 y\u0131l\u0131nda da \u00e7al\u0131\u015fanlar\u0131n refah\u0131n\u0131 ve sat\u0131n alma g\u00fcc\u00fcn\u00fc koruyacak \u015fekilde belirlenece\u011fini ifade etti. I\u015f\u0131khan, i\u015f\u00e7i ve i\u015fveren kesimleriyle mutabakat sa\u011flanaca\u011f\u0131na inand\u0131\u011f\u0131n\u0131 dile getirdi.<\/p>\n\n\n\n<h2 class=\"wp-block-heading\"><strong>Mevcut asgari \u00fccret 22 bin 104 lira<\/strong><\/h2>\n\n\n\n<p>H\u00e2lihaz\u0131rda bir i\u015f\u00e7i i\u00e7in asgari \u00fccret, ayl\u0131k br\u00fct 26 bin 5 lira 50 kuru\u015f olarak uygulan\u0131rken, kesintiler sonras\u0131 net \u00fccret 22 bin 104 lira 67 kuru\u015f seviyesinde bulunuyor.<\/p>\n\n\n\n<p>Asgari \u00fccretin i\u015fverene toplam maliyeti ise bir i\u015f\u00e7i i\u00e7in 30 bin 621 lira 48 kuru\u015fu buluyor. Bu tutar\u0131n 26 bin 5 lira 50 kuru\u015fu br\u00fct \u00fccret, 4 bin 95 lira 87 kuru\u015fu sosyal g\u00fcvenlik primi, 520 lira 11 kuru\u015fu ise i\u015fveren i\u015fsizlik sigortas\u0131 primi olarak hesaplan\u0131yor.<\/p>\n","protected":false},"excerpt":{"rendered":"<p>2026 y\u0131l\u0131nda ge\u00e7erli olacak asgari \u00fccretin belirlenmesine y\u00f6nelik \u00e7al\u0131\u015fmalar s\u00fcrerken, Asgari \u00dccret Tespit Komisyonu ikinci toplant\u0131s\u0131n\u0131 tamamlad\u0131. G\u00f6zler, nihai karar\u0131n \u015fekillenece\u011fi \u00fc\u00e7\u00fcnc\u00fc toplant\u0131ya \u00e7evrildi.<\/p>\n","protected":false},"author":1,"featured_media":51,"comment_status":"open","ping_status":"open","sticky":false,"template":"","format":"standard","meta":{"footnotes":""},"categories":[8],"tags":[9],"class_list":["post-127","post","type-post","status-publish","format-standard","has-post-thumbnail","hentry","category-ekonomi","tag-asgari-ucret"],"_links":{"self":[{"href":"https:\/\/demo.vianecraft.com\/x\/wp-json\/wp\/v2\/posts\/127","targetHints":{"allow":["GET"]}}],"collection":[{"href":"https:\/\/demo.vianecraft.com\/x\/wp-json\/wp\/v2\/posts"}],"about":[{"href":"https:\/\/demo.vianecraft.com\/x\/wp-json\/wp\/v2\/types\/post"}],"author":[{"embeddable":true,"href":"https:\/\/demo.vianecraft.com\/x\/wp-json\/wp\/v2\/users\/1"}],"replies":[{"embeddable":true,"href":"https:\/\/demo.vianecraft.com\/x\/wp-json\/wp\/v2\/comments?post=127"}],"version-history":[{"count":1,"href":"https:\/\/demo.vianecraft.com\/x\/wp-json\/wp\/v2\/posts\/127\/revisions"}],"predecessor-version":[{"id":128,"href":"https:\/\/demo.vianecraft.com\/x\/wp-json\/wp\/v2\/posts\/127\/revisions\/128"}],"wp:featuredmedia":[{"embeddable":true,"href":"https:\/\/demo.vianecraft.com\/x\/wp-json\/wp\/v2\/media\/51"}],"wp:attachment":[{"href":"https:\/\/demo.vianecraft.com\/x\/wp-json\/wp\/v2\/media?parent=127"}],"wp:term":[{"taxonomy":"category","embeddable":true,"href":"https:\/\/demo.vianecraft.com\/x\/wp-json\/wp\/v2\/categories?post=127"},{"taxonomy":"post_tag","embeddable":true,"href":"https:\/\/demo.vianecraft.com\/x\/wp-json\/wp\/v2\/tags?post=127"}],"curies":[{"name":"wp","href":"https:\/\/api.w.org\/{rel}","templated":true}]}}