{"id":50,"date":"2025-11-28T09:50:46","date_gmt":"2025-11-28T06:50:46","guid":{"rendered":"http:\/\/localhost\/medyasal\/?p=50"},"modified":"2026-02-27T15:00:39","modified_gmt":"2026-02-27T12:00:39","slug":"yeni-asgari-ucret-surecinde-geri-sayim-basladi","status":"publish","type":"post","link":"https:\/\/demo.vianecraft.com\/haber\/yeni-asgari-ucret-surecinde-geri-sayim-basladi\/50\/","title":{"rendered":"Yeni asgari \u00fccret s\u00fcrecinde geri say\u0131m ba\u015flad\u0131"},"content":{"rendered":"\n<p>2026 y\u0131l\u0131nda ge\u00e7erli olacak \u00fccretin belirlenmesi i\u00e7in y\u00fcr\u00fct\u00fclecek g\u00f6r\u00fc\u015fmelerin takvimi de netle\u015fiyor. H\u00fck\u00fcmet, i\u015f\u00e7i ve i\u015fveren temsilcilerini bir araya getirecek komisyonun masas\u0131nda bu y\u0131l da ekonomik veriler, piyasa ko\u015fullar\u0131 ve taraflar\u0131n beklentileri olacak.<\/p>\n\n\n\n<h2 class=\"wp-block-heading\"><strong>\u201c\u00d6ncelik sosyal diyalog\u201d<\/strong><\/h2>\n\n\n\n<p>S\u00fcrece ili\u015fkin de\u011ferlendirmelerde bulunan \u00c7al\u0131\u015fma ve Sosyal G\u00fcvenlik Bakan\u0131 Vedat I\u015f\u0131khan, asgari \u00fccretin \u00e7al\u0131\u015fma hayat\u0131ndaki en temel g\u00f6sterge oldu\u011funa dikkat \u00e7ekti. I\u015f\u0131khan, \u201cTemel \u00f6nceli\u011fimiz, sosyal diyalog \u00e7er\u00e7evesinde taraflar\u0131n ortak ak\u0131lla uzla\u015fmaya varmas\u0131d\u0131r.\u201d dedi.<\/p>\n\n\n\n<h2 class=\"wp-block-heading\"><strong>\u0130lk toplant\u0131da yol haritas\u0131 \u00e7izilecek<\/strong><\/h2>\n\n\n\n<p>Komisyonda i\u015f\u00e7i taraf\u0131n\u0131 T\u00fcrk-\u0130\u015f, i\u015fveren taraf\u0131n\u0131 ise T\u0130SK temsil edecek. Gelecek haftaki ilk bulu\u015fmada, g\u00f6r\u00fc\u015fmelerin hangi tarihlerde ve nas\u0131l ilerleyece\u011fine ili\u015fkin takvimin olu\u015fturulmas\u0131 bekleniyor. Sonraki toplant\u0131larda ekonomik analizler ve taraflar\u0131n rakamsal talepleri de\u011ferlendirilecek.<\/p>\n\n\n\n<h2 class=\"wp-block-heading\"><strong>Karar\u0131n 31 Aral\u0131k\u2019a kadar a\u00e7\u0131klanmas\u0131 bekleniyor<\/strong><\/h2>\n\n\n\n<p>Komisyonun bu y\u0131l da d\u00f6rt toplant\u0131 yapmas\u0131 \u00f6ng\u00f6r\u00fcl\u00fcyor. Nihai karar oy \u00e7oklu\u011fuyla al\u0131nacak. Yeni asgari \u00fccretin 31 Aral\u0131k\u2019a kadar duyurulmas\u0131 ve 1 Ocak 2026 itibar\u0131yla y\u00fcr\u00fcrl\u00fc\u011fe girmesi planlan\u0131yor.<\/p>\n\n\n\n<h2 class=\"wp-block-heading\"><strong>Asgari \u00fccret nas\u0131l belirleniyor?<\/strong><\/h2>\n\n\n\n<p>Yasa gere\u011fi i\u015f\u00e7i, i\u015fveren ve h\u00fck\u00fcmetten be\u015fer temsilcinin yer ald\u0131\u011f\u0131 15 ki\u015filik komisyon, en az 10 \u00fcyenin kat\u0131l\u0131m\u0131yla toplan\u0131yor ve kararlar\u0131n\u0131 oy \u00e7oklu\u011fuyla veriyor. Oylar\u0131n e\u015fitli\u011fi halinde ise ba\u015fkan\u0131n bulundu\u011fu taraf\u0131n \u00e7o\u011funlu\u011fu sa\u011flad\u0131\u011f\u0131 kabul ediliyor.<\/p>\n\n\n\n<h2 class=\"wp-block-heading\"><strong>Mevcut rakamlar<\/strong><\/h2>\n\n\n\n<p>2025 y\u0131l\u0131 i\u00e7in net asgari \u00fccret 22 bin 104 lira 67 kuru\u015f olarak uygulan\u0131yor. Br\u00fct tutar ise 26 bin 5 lira 50 kuru\u015f. Bir i\u015f\u00e7i i\u00e7in i\u015fverene toplam maliyet ise 30 bin 556 lira 46 kuru\u015fu buluyor. Bu maliyetin i\u00e7inde sosyal g\u00fcvenlik primi ile i\u015fveren i\u015fsizlik sigorta fonu \u00f6demeleri de yer al\u0131yor.<\/p>\n","protected":false},"excerpt":{"rendered":"<p>T\u00fcrkiye\u2019de do\u011frudan yakla\u015f\u0131k 7 milyon \u00e7al\u0131\u015fan\u0131, dolayl\u0131 olarak ise toplumun tamam\u0131n\u0131 yak\u0131ndan ilgilendiren yeni asgari \u00fccret s\u00fcrecinde geri say\u0131m ba\u015flad\u0131. Asgari \u00dccret Tespit Komisyonu, aral\u0131k ay\u0131n\u0131n ilk haftas\u0131nda \u00c7al\u0131\u015fma ve Sosyal G\u00fcvenlik Bakanl\u0131\u011f\u0131\u2019n\u0131n ev sahipli\u011finde ilk toplant\u0131s\u0131n\u0131 yapacak.<\/p>\n","protected":false},"author":1,"featured_media":51,"comment_status":"open","ping_status":"open","sticky":false,"template":"","format":"standard","meta":{"footnotes":""},"categories":[8],"tags":[9],"class_list":["post-50","post","type-post","status-publish","format-standard","has-post-thumbnail","hentry","category-ekonomi","tag-asgari-ucret"],"_links":{"self":[{"href":"https:\/\/demo.vianecraft.com\/haber\/wp-json\/wp\/v2\/posts\/50","targetHints":{"allow":["GET"]}}],"collection":[{"href":"https:\/\/demo.vianecraft.com\/haber\/wp-json\/wp\/v2\/posts"}],"about":[{"href":"https:\/\/demo.vianecraft.com\/haber\/wp-json\/wp\/v2\/types\/post"}],"author":[{"embeddable":true,"href":"https:\/\/demo.vianecraft.com\/haber\/wp-json\/wp\/v2\/users\/1"}],"replies":[{"embeddable":true,"href":"https:\/\/demo.vianecraft.com\/haber\/wp-json\/wp\/v2\/comments?post=50"}],"version-history":[{"count":1,"href":"https:\/\/demo.vianecraft.com\/haber\/wp-json\/wp\/v2\/posts\/50\/revisions"}],"predecessor-version":[{"id":52,"href":"https:\/\/demo.vianecraft.com\/haber\/wp-json\/wp\/v2\/posts\/50\/revisions\/52"}],"wp:featuredmedia":[{"embeddable":true,"href":"https:\/\/demo.vianecraft.com\/haber\/wp-json\/wp\/v2\/media\/51"}],"wp:attachment":[{"href":"https:\/\/demo.vianecraft.com\/haber\/wp-json\/wp\/v2\/media?parent=50"}],"wp:term":[{"taxonomy":"category","embeddable":true,"href":"https:\/\/demo.vianecraft.com\/haber\/wp-json\/wp\/v2\/categories?post=50"},{"taxonomy":"post_tag","embeddable":true,"href":"https:\/\/demo.vianecraft.com\/haber\/wp-json\/wp\/v2\/tags?post=50"}],"curies":[{"name":"wp","href":"https:\/\/api.w.org\/{rel}","templated":true}]}}