{"id":221,"date":"2026-03-05T10:35:45","date_gmt":"2026-03-05T07:35:45","guid":{"rendered":"http:\/\/localhost\/medyasal\/?p=221"},"modified":"2026-03-05T10:35:51","modified_gmt":"2026-03-05T07:35:51","slug":"akaryakittaki-fiyat-artisinin-yuzde-75ini-devlet-karsilayacak","status":"publish","type":"post","link":"https:\/\/demo.vianecraft.com\/haber\/akaryakittaki-fiyat-artisinin-yuzde-75ini-devlet-karsilayacak\/221\/","title":{"rendered":"Akaryak\u0131ttaki Fiyat Art\u0131\u015f\u0131n\u0131n Y\u00fczde 75\u2019ini Devlet Kar\u015f\u0131layacak"},"content":{"rendered":"\n<p>Hazine ve Maliye Bakanl\u0131\u011f\u0131 kaynaklar\u0131ndan edinilen bilgilere g\u00f6re, akaryak\u0131t fiyatlar\u0131ndaki olas\u0131 art\u0131\u015flar\u0131n vatanda\u015f \u00fczerindeki etkisini azaltmak amac\u0131yla <strong>e\u015fel mobil sistemi<\/strong> yeniden devreye al\u0131n\u0131yor.<\/p>\n\n\n\n<p>T\u00fcrkiye Cumhuriyeti Cumhurba\u015fkanl\u0131\u011f\u0131 karar\u0131 do\u011frultusunda uygulanacak sistem sayesinde, petrol \u00fcr\u00fcnlerinde meydana gelebilecek fiyat art\u0131\u015flar\u0131n\u0131n \u00f6nemli bir b\u00f6l\u00fcm\u00fc <strong>\u00d6zel T\u00fcketim Vergisi (\u00d6TV)<\/strong> indirimi ile dengelenecek.<\/p>\n\n\n\n<h2 class=\"wp-block-heading\">E\u015fel Mobil Sistemi Neden Yeniden Uygulan\u0131yor?<\/h2>\n\n\n\n<p>K\u00fcresel enerji piyasalar\u0131nda ya\u015fanan geli\u015fmeler ve jeopolitik riskler nedeniyle <strong>petrol fiyatlar\u0131nda art\u0131\u015f<\/strong> ihtimali g\u00fcndemde bulunuyor. Bu durumun enflasyon ve hane b\u00fct\u00e7eleri \u00fczerindeki etkisini s\u0131n\u0131rlamak amac\u0131yla e\u015fel mobil sisteminin ge\u00e7ici olarak yeniden uygulanmas\u0131 kararla\u015ft\u0131r\u0131ld\u0131.<\/p>\n\n\n\n<p>Yeni d\u00fczenleme kapsam\u0131nda, akaryak\u0131t ve LPG fiyatlar\u0131nda olu\u015fabilecek art\u0131\u015flar\u0131n <strong>y\u00fczde 75\u2019e kadar olan k\u0131sm\u0131 vergi indirimiyle kar\u015f\u0131lanacak<\/strong>. B\u00f6ylece fiyat art\u0131\u015flar\u0131n\u0131n t\u00fcketiciye s\u0131n\u0131rl\u0131 \u00f6l\u00e7\u00fcde yans\u0131mas\u0131 hedefleniyor.<\/p>\n\n\n\n<h2 class=\"wp-block-heading\">2 Mart Tarihi Referans Al\u0131nacak<\/h2>\n\n\n\n<p>Yeni sistemin uygulanmas\u0131nda <strong>2 Mart tarihi<\/strong> esas al\u0131nacak. Bu tarihten sonra petrol \u00fcr\u00fcnlerinde fiyat art\u0131\u015f\u0131 ya\u015fanmas\u0131 durumunda, art\u0131\u015f\u0131n belirli bir b\u00f6l\u00fcm\u00fc <strong>\u00d6TV indirimi<\/strong> ile telafi edilecek.<\/p>\n\n\n\n<h3 class=\"wp-block-heading\">Azami \u00d6TV \u0130ndirim Tutarlar\u0131<\/h3>\n\n\n\n<p>Belirlenen \u00fcst s\u0131n\u0131rlar \u015fu \u015fekilde olacak:<\/p>\n\n\n\n<ul class=\"wp-block-list\">\n<li><strong>Benzin:<\/strong> Litre ba\u015f\u0131na 14,8277 TL<\/li>\n\n\n\n<li><strong>Motorin:<\/strong> Litre ba\u015f\u0131na 13,9006 TL<\/li>\n\n\n\n<li><strong>LPG:<\/strong> Kilogram ba\u015f\u0131na 11,3830 TL<\/li>\n<\/ul>\n\n\n\n<p>Bu tutarlar, fiyat art\u0131\u015flar\u0131n\u0131n belirli bir seviyeye kadar vergi indirimiyle dengelenmesini sa\u011flayacak.<\/p>\n\n\n\n<h2 class=\"wp-block-heading\">Fiyatlar D\u00fc\u015ferse \u00d6TV Artabilecek<\/h2>\n\n\n\n<p>Uygulama yaln\u0131zca fiyat art\u0131\u015flar\u0131nda de\u011fil, fiyat d\u00fc\u015f\u00fc\u015flerinde de devreye girecek.<\/p>\n\n\n\n<p>Akaryak\u0131t fiyatlar\u0131n\u0131n gerilemesi durumunda, d\u00fc\u015f\u00fc\u015f tutar\u0131n\u0131n <strong>y\u00fczde 75\u2019ine kadar olan b\u00f6l\u00fcm\u00fcnde \u00d6TV art\u0131r\u0131m\u0131 yap\u0131labilecek<\/strong>. Ancak bu art\u0131\u015f\u0131n, 2 Mart itibar\u0131yla ge\u00e7erli olan \u00d6TV seviyesini a\u015famayaca\u011f\u0131 ifade edildi.<\/p>\n\n\n\n<h2 class=\"wp-block-heading\">10 Liral\u0131k Art\u0131\u015f\u0131n 7,5 Liras\u0131 Vergiden Kar\u015f\u0131lanacak<\/h2>\n\n\n\n<p>Uluslararas\u0131 petrol fiyatlar\u0131 ve d\u00f6viz kurundaki dalgalanmalar\u0131n pompa fiyatlar\u0131na etkisini s\u0131n\u0131rlamak amac\u0131yla uygulamada dikkat \u00e7eken bir denge mekanizmas\u0131 bulunuyor.<\/p>\n\n\n\n<p>\u00d6rne\u011fin akaryak\u0131t veya LPG fiyat\u0131nda <strong>10 liral\u0131k bir art\u0131\u015f ya\u015fanmas\u0131 halinde<\/strong>:<\/p>\n\n\n\n<ul class=\"wp-block-list\">\n<li>Art\u0131\u015f\u0131n <strong>7,5 liral\u0131k k\u0131sm\u0131 vergi indirimiyle kar\u015f\u0131lanacak<\/strong><\/li>\n\n\n\n<li>Sadece <strong>2,5 liral\u0131k b\u00f6l\u00fcm\u00fc t\u00fcketiciye yans\u0131yacak<\/strong><\/li>\n<\/ul>\n\n\n\n<p>Bu y\u00f6ntemle devlet, \u00d6TV ve buna ba\u011fl\u0131 <strong>KDV gelirlerinden k\u0131smen feragat ederek<\/strong> enflasyonla m\u00fccadeleye katk\u0131 sa\u011flamay\u0131 ama\u00e7l\u0131yor.<\/p>\n","protected":false},"excerpt":{"rendered":"<p>Cumhurba\u015fkan\u0131 Karar\u0131 ile e\u015fel mobil sistemi yeniden uygulanacak. Akaryak\u0131t ve LPG fiyatlar\u0131ndaki art\u0131\u015f\u0131n y\u00fczde 75\u2019ine kadar olan k\u0131sm\u0131 \u00d6TV indirimiyle dengelenecek. Uygulama 2 Mart referans al\u0131narak y\u00fcr\u00fcrl\u00fc\u011fe girecek.<\/p>\n","protected":false},"author":1,"featured_media":222,"comment_status":"open","ping_status":"open","sticky":false,"template":"","format":"standard","meta":{"footnotes":""},"categories":[8],"tags":[35],"class_list":["post-221","post","type-post","status-publish","format-standard","has-post-thumbnail","hentry","category-ekonomi","tag-akaryakit"],"_links":{"self":[{"href":"https:\/\/demo.vianecraft.com\/haber\/wp-json\/wp\/v2\/posts\/221","targetHints":{"allow":["GET"]}}],"collection":[{"href":"https:\/\/demo.vianecraft.com\/haber\/wp-json\/wp\/v2\/posts"}],"about":[{"href":"https:\/\/demo.vianecraft.com\/haber\/wp-json\/wp\/v2\/types\/post"}],"author":[{"embeddable":true,"href":"https:\/\/demo.vianecraft.com\/haber\/wp-json\/wp\/v2\/users\/1"}],"replies":[{"embeddable":true,"href":"https:\/\/demo.vianecraft.com\/haber\/wp-json\/wp\/v2\/comments?post=221"}],"version-history":[{"count":1,"href":"https:\/\/demo.vianecraft.com\/haber\/wp-json\/wp\/v2\/posts\/221\/revisions"}],"predecessor-version":[{"id":223,"href":"https:\/\/demo.vianecraft.com\/haber\/wp-json\/wp\/v2\/posts\/221\/revisions\/223"}],"wp:featuredmedia":[{"embeddable":true,"href":"https:\/\/demo.vianecraft.com\/haber\/wp-json\/wp\/v2\/media\/222"}],"wp:attachment":[{"href":"https:\/\/demo.vianecraft.com\/haber\/wp-json\/wp\/v2\/media?parent=221"}],"wp:term":[{"taxonomy":"category","embeddable":true,"href":"https:\/\/demo.vianecraft.com\/haber\/wp-json\/wp\/v2\/categories?post=221"},{"taxonomy":"post_tag","embeddable":true,"href":"https:\/\/demo.vianecraft.com\/haber\/wp-json\/wp\/v2\/tags?post=221"}],"curies":[{"name":"wp","href":"https:\/\/api.w.org\/{rel}","templated":true}]}}